{"id":1963,"__str__":"Lei Ordin\u00e1ria n\u00ba 2.895, de 06 de novembro de 2025","link_detail_backend":"/norma/1963","metadata":{"signs":{"texto_integral":{"admin":[],"autores":[["Makoto Edison Sekita",["2025-11-06T14:55:13-03:00","ICP-Brasil - Certificado PF A3"]]]}}},"texto_integral":"http://sapl.saogotardo.mg.leg.br/media/sapl/public/normajuridica/2025/1963/lei_2895.pdf","numero":"2895","ano":2025,"esfera_federacao":"M","data":"2025-11-06","data_publicacao":null,"veiculo_publicacao":"","pagina_inicio_publicacao":null,"pagina_fim_publicacao":null,"ementa":"Institui o Dia Municipal da Pessoa com Defici\u00eancia e a Semana Municipal de Conscientiza\u00e7\u00e3o, Inclus\u00e3o e Cidadania da Pessoa com Defici\u00eancia no Munic\u00edpio de S\u00e3o Gotardo.","indexacao":"","observacao":"","complemento":false,"data_vigencia":null,"timestamp":"2025-11-07T13:27:25.083894-03:00","data_ultima_atualizacao":"2025-11-07T13:27:26.217520-03:00","ip":"179.189.92.32","ultima_edicao":"2025-11-07T13:26:47.041155-03:00","tipo":4,"materia":447,"orgao":null,"user":51,"assuntos":[],"autores":[]}