{"id":91,"__str__":"Pedido de Provid\u00eancia n\u00ba 13 de 2025","link_detail_backend":"/materia/91","metadata":{},"numero":13,"ano":2025,"numero_protocolo":null,"data_apresentacao":"2025-02-21","tipo_apresentacao":"","data_publicacao":null,"numero_origem_externa":"","ano_origem_externa":null,"data_origem_externa":null,"apelido":"","dias_prazo":null,"data_fim_prazo":null,"em_tramitacao":false,"polemica":false,"objeto":"","complementar":false,"ementa":"QUE O \u00d3RG\u00c3O COMPETENTE DO PODER EXECUTIVO MUNICIPAL ESTUDE A POSSIBILIDADE DE VIABILIZAR A LIMPEZA, PODA CAPINA E DETETIZA\u00c7\u00c3O (COQUEIROS) NO CANTEIRO CENTRAL DA AVENIDA NOSSA SENHORA DE F\u00c1TIM\u0410 EM \u0422\u041eDA SUA EXTENS\u00c3O. ALEM DISSO A INSTALA\u00c7\u00c3O DE UMA LIXEIRA COMUNITARIA, PRINCIPALMENTE NOS ARREDORES DA IGREJA NOSSA SENHORA DE F\u00c1TIMA.","indexacao":"","observacao":"","resultado":"","texto_original":"http://sapl.saogotardo.mg.leg.br/media/sapl/public/materialegislativa/2025/91/13.pdf","data_ultima_atualizacao":"2025-07-08T13:38:11.783132-03:00","ip":"179.189.92.32","ultima_edicao":"2025-07-08T13:37:24.332728-03:00","tipo":20,"regime_tramitacao":1,"tipo_origem_externa":null,"local_origem_externa":null,"user":51,"anexadas":[],"autores":[32]}