{"id":572,"__str__":"Projeto de Lei Ordin\u00e1ria n\u00ba 10 de 2026","link_detail_backend":"/materia/572","metadata":{},"numero":10,"ano":2026,"numero_protocolo":null,"data_apresentacao":"2026-02-03","tipo_apresentacao":"","data_publicacao":null,"numero_origem_externa":"","ano_origem_externa":null,"data_origem_externa":null,"apelido":"","dias_prazo":null,"data_fim_prazo":null,"em_tramitacao":false,"polemica":false,"objeto":"","complementar":false,"ementa":"Disp\u00f5e sobre o direito das pessoas com Transtorno do Espectro Autista (TEA) e ingressar de alimentar seletividade com neurodiverg\u00eancias outras e\r\nalimentos portando coletivo uso de privados e p\u00fablicos locais em permanecer outras d\u00e1 e Munic\u00edpio, no pessoal uso de utens\u00edlios e pr\u00f3prio consumo para uso pessoal no munic\u00edpio e d\u00e1 outras provid\u00eancias.","indexacao":"","observacao":"","resultado":"","texto_original":"http://sapl.saogotardo.mg.leg.br/media/sapl/public/materialegislativa/2026/572/projeto_de_lei_10_de_02_de_fevereiro_de_2026_rotated_1.pdf","data_ultima_atualizacao":"2026-02-06T13:39:16.895626-03:00","ip":"179.189.92.32","ultima_edicao":"2026-02-06T13:34:54.014304-03:00","tipo":1,"regime_tramitacao":1,"tipo_origem_externa":null,"local_origem_externa":null,"user":37,"anexadas":[],"autores":[22]}