{"id":570,"__str__":"Projeto de Lei Ordin\u00e1ria n\u00ba 8 de 2026","link_detail_backend":"/materia/570","metadata":{},"numero":8,"ano":2026,"numero_protocolo":null,"data_apresentacao":"2026-02-03","tipo_apresentacao":"E","data_publicacao":null,"numero_origem_externa":"","ano_origem_externa":null,"data_origem_externa":null,"apelido":"","dias_prazo":null,"data_fim_prazo":null,"em_tramitacao":false,"polemica":false,"objeto":"","complementar":false,"ementa":"Altera a reda\u00e7\u00e3o dos Artigos 1\u00ba e 2\u00b0 da Lei Municipal n\u00ba 2.896, de 06 de novembro de 2025, para incluir o L\u00fapus Eritematoso Sist\u00eamico nas a\u00e7\u00f5es de\r\nconscientiza\u00e7\u00e3o do m\u00eas \"Fevereiro Roxo\" no Munic\u00edpio de S\u00e3o Gotardo, e d\u00e1 outras provid\u00eancias.","indexacao":"","observacao":"","resultado":"","texto_original":null,"data_ultima_atualizacao":"2026-02-18T17:36:38.918049-03:00","ip":"179.189.92.32","ultima_edicao":"2026-02-18T17:36:38.791802-03:00","tipo":1,"regime_tramitacao":1,"tipo_origem_externa":null,"local_origem_externa":null,"user":37,"anexadas":[],"autores":[22]}