{"id":53,"__str__":"Projeto de Lei Ordin\u00e1ria n\u00ba 29 de 2025","link_detail_backend":"/materia/53","metadata":{},"numero":29,"ano":2025,"numero_protocolo":null,"data_apresentacao":"2025-03-31","tipo_apresentacao":"","data_publicacao":null,"numero_origem_externa":"","ano_origem_externa":null,"data_origem_externa":null,"apelido":"","dias_prazo":null,"data_fim_prazo":null,"em_tramitacao":false,"polemica":false,"objeto":"","complementar":false,"ementa":"Consolida a Legisla\u00e7\u00e3o que disp\u00f5e sobre os direitos das pessoas autistas equiparando-as aos demais deficientes, enquadrando-os no conceito estabelecido pela Lei 13.146/2015. Assegura ainda todos os direitos e benef\u00edcios previstos na Constitui\u00e7\u00e3o do Estado e na Legisla\u00e7\u00e3o Estadual para a pessoa com defici\u00eancia, e d\u00e1 outras provid\u00eancias.","indexacao":"","observacao":"","resultado":"","texto_original":"http://sapl.saogotardo.mg.leg.br/media/sapl/public/materialegislativa/2025/53/projeto29_20250624_163430.pdf","data_ultima_atualizacao":"2025-06-25T17:21:54.568450-03:00","ip":"179.189.92.32","ultima_edicao":"2025-06-24T16:31:02.452292-03:00","tipo":1,"regime_tramitacao":1,"tipo_origem_externa":null,"local_origem_externa":null,"user":51,"anexadas":[],"autores":[22]}