{"id":447,"__str__":"Substitutivo Projeto de Lei Ordin\u00e1ria n\u00ba 98 de 2025","link_detail_backend":"/materia/447","metadata":{},"numero":98,"ano":2025,"numero_protocolo":null,"data_apresentacao":"2025-10-21","tipo_apresentacao":"","data_publicacao":null,"numero_origem_externa":"","ano_origem_externa":null,"data_origem_externa":null,"apelido":"","dias_prazo":null,"data_fim_prazo":null,"em_tramitacao":false,"polemica":false,"objeto":"","complementar":false,"ementa":"Institui o Dia Municipal da Pessoa com Defici\u00eancia e a Semana Municipal de Conscientiza\u00e7\u00e3o, Inclus\u00e3o e Cidadania da Pessoa com Defici\u00eancia no Munic\u00edpio de S\u00e3o Gotardo.","indexacao":"","observacao":"","resultado":"","texto_original":"http://sapl.saogotardo.mg.leg.br/media/sapl/public/materialegislativa/2025/447/subprojeto98_20251028_131140.pdf","data_ultima_atualizacao":"2025-10-28T13:15:35.111441-03:00","ip":"179.189.92.32","ultima_edicao":"2025-10-28T13:14:49.395257-03:00","tipo":18,"regime_tramitacao":1,"tipo_origem_externa":null,"local_origem_externa":null,"user":51,"anexadas":[],"autores":[22]}