{"id":41,"__str__":"Projeto de Lei Complementar n\u00ba 27 de 2025","link_detail_backend":"/materia/41","metadata":{},"numero":27,"ano":2025,"numero_protocolo":null,"data_apresentacao":"2025-01-31","tipo_apresentacao":"","data_publicacao":null,"numero_origem_externa":"","ano_origem_externa":null,"data_origem_externa":null,"apelido":"","dias_prazo":null,"data_fim_prazo":null,"em_tramitacao":false,"polemica":false,"objeto":"","complementar":false,"ementa":"ALTERA O PAR\u00c1GRAFO \u00daNICO DA LEI COMPLEMENTAR MUNICIPAL N\u00ba 92/2009 E SUAS ALTERA\u00c7\u00d5ES E D\u00c1 OUTRAS PROVID\u00caNCIAS","indexacao":"","observacao":"","resultado":"","texto_original":null,"data_ultima_atualizacao":"2025-06-05T13:49:35.717662-03:00","ip":"179.189.92.32","ultima_edicao":"2025-06-05T13:49:35.595242-03:00","tipo":3,"regime_tramitacao":1,"tipo_origem_externa":null,"local_origem_externa":null,"user":37,"anexadas":[],"autores":[]}