{"id":412,"__str__":"Projeto de Lei Ordin\u00e1ria n\u00ba 98 de 2025","link_detail_backend":"/materia/412","metadata":{},"numero":98,"ano":2025,"numero_protocolo":null,"data_apresentacao":"2025-10-02","tipo_apresentacao":"","data_publicacao":null,"numero_origem_externa":"","ano_origem_externa":null,"data_origem_externa":null,"apelido":"","dias_prazo":null,"data_fim_prazo":null,"em_tramitacao":false,"polemica":false,"objeto":"","complementar":false,"ementa":"Institui o Dia Municipal da Pessoa com Defici\u00eancia no Munic\u00edpio de S\u00e3o Gotardo e d\u00e1 outras provid\u00eancias.","indexacao":"","observacao":"","resultado":"","texto_original":"http://sapl.saogotardo.mg.leg.br/media/sapl/public/materialegislativa/2025/412/projeto98_20251015_141149.pdf","data_ultima_atualizacao":"2025-10-15T14:29:15.938045-03:00","ip":"179.189.92.32","ultima_edicao":"2025-10-15T14:28:35.578161-03:00","tipo":1,"regime_tramitacao":1,"tipo_origem_externa":null,"local_origem_externa":null,"user":51,"anexadas":[],"autores":[22]}