{"id":270,"__str__":"Indica\u00e7\u00e3o n\u00ba 98 de 2025","link_detail_backend":"/materia/270","metadata":{},"numero":98,"ano":2025,"numero_protocolo":null,"data_apresentacao":"2025-06-24","tipo_apresentacao":"","data_publicacao":null,"numero_origem_externa":"","ano_origem_externa":null,"data_origem_externa":null,"apelido":"","dias_prazo":null,"data_fim_prazo":null,"em_tramitacao":false,"polemica":false,"objeto":"","complementar":false,"ementa":"QUE O \u00d3RG\u00c3O COMPETENTE DO PODER EXECUTIVO MUNICIPAL ESTUDE A POSSIBILIDADE DE VIABILIZAR O RECAPEAMENTO ASF\u00c1LTICO NOS SEGUINTES TRECHOS VI\u00c1RIOS:\r\n1. Rua Coronel Antonio Luciano Pereira no trecho compreendido entre a Rua Jos\u00e9 Ribeiro de Souza, at\u00e9 a Rua Nayteres de Resende.\r\n2. Rua s\u00e3o Pio X - desde a esquina com a Avenida Rio Branco, at\u00e9 \u00e0 esquina com a Rua Maria Leopinha do Prado.","indexacao":"","observacao":"","resultado":"","texto_original":"http://sapl.saogotardo.mg.leg.br/media/sapl/public/materialegislativa/2025/270/indicacao98.pdf","data_ultima_atualizacao":"2025-07-15T13:01:15.087064-03:00","ip":"179.189.92.32","ultima_edicao":"2025-07-15T12:58:55.327889-03:00","tipo":14,"regime_tramitacao":1,"tipo_origem_externa":null,"local_origem_externa":null,"user":51,"anexadas":[],"autores":[26]}