{"id":151,"__str__":"Pedido de Provid\u00eancia n\u00ba 73 de 2025","link_detail_backend":"/materia/151","metadata":{},"numero":73,"ano":2025,"numero_protocolo":null,"data_apresentacao":"2025-05-19","tipo_apresentacao":"","data_publicacao":null,"numero_origem_externa":"","ano_origem_externa":null,"data_origem_externa":null,"apelido":"","dias_prazo":null,"data_fim_prazo":null,"em_tramitacao":false,"polemica":false,"objeto":"","complementar":false,"ementa":"QUE O \u00d3RG\u00c3O COMPETENTE DO PODER EXECUTIVO MUNICIPAL ESTUDE A POSSIBILIDADE DE SOLICITAR PROVID\u00caNCIAS EM RELA\u00c7\u00c3O A DOIS PONTOS CRITICOS DE MOBILIDADE URBANA QUE VEM GERANDO TRANSTORNOS OFERECENDO RISCOS \u00c0 SEGURAN\u00c7A NO TRANSITO:\r\n1. RECUO DO CANTEIRO CENTRAL NA AVENIDA RIO BRANCO, ESQUINA COM A AVENIDA DAS ROSAS.\r\n2. ALTERA\u00c7\u00c3O DO SENTIDO DE VIA NA RUA DAS VIOLETAS (VIELA AO LADO DA SUBESTA\u00c7\u00c3O DA CEMIG).","indexacao":"","observacao":"","resultado":"","texto_original":"http://sapl.saogotardo.mg.leg.br/media/sapl/public/materialegislativa/2025/151/73.pdf","data_ultima_atualizacao":"2025-07-10T14:07:11.340313-03:00","ip":"179.189.92.32","ultima_edicao":"2025-07-10T14:06:12.247784-03:00","tipo":20,"regime_tramitacao":1,"tipo_origem_externa":null,"local_origem_externa":null,"user":51,"anexadas":[],"autores":[24]}