{"id":547,"__str__":"Autoria: WALDEM\u00c1RIO FRAN\u00c7A - Indica\u00e7\u00e3o n\u00ba 11 de 2026","link_detail_backend":"/materia/autoria/547","metadata":{},"primeiro_autor":true,"autor":30,"materia":557}